{"id":10496,"date":"2026-03-07T20:26:59","date_gmt":"2026-03-07T19:26:59","guid":{"rendered":"https:\/\/www.srcf.de\/entw\/?p=10496"},"modified":"2026-03-17T20:29:22","modified_gmt":"2026-03-17T19:29:22","slug":"dankeschoen-ans-ehrenamt","status":"publish","type":"post","link":"https:\/\/www.srcf.de\/entw\/index.php\/2026\/03\/07\/dankeschoen-ans-ehrenamt\/","title":{"rendered":"Dankesch\u00f6n ans Ehrenamt"},"content":{"rendered":"<!--themify_builder_content-->\n<div id=\"themify_builder_content-10496\" data-postid=\"10496\" class=\"themify_builder_content themify_builder_content-10496 themify_builder tf_clear\">\n                    <div  data-lazy=\"1\" class=\"module_row themify_builder_row tb_qcvc562 tb_first tf_w\">\n                        <div class=\"row_inner col_align_top tb_col_count_1 tf_box tf_rel\">\n                        <div  data-lazy=\"1\" class=\"module_column tb-column col-full tb_swgp562 first\">\n                    <!-- module text -->\n<div  class=\"module module-text tb_zrwh99   \" data-lazy=\"1\">\n        <div  class=\"tb_text_wrap\">\n        <p>Liebe ehrenamtliche Helferin, lieber ehrenamtlicher Helfer,<\/p><p>der Spandauer Ruder-Club \u201eFriesen\u201c m\u00f6chte sich wieder bei seinen ehrenamtlichen Helfern f\u00fcr ihr Engagement im vergangenen Jahr bedanken.<\/p><p>Egal wo, was und wie lange \u2013 deine Arbeit ist wichtig, z.B.<\/p><ul><li>beim Rudern in der Aus- und Fortbildung<\/li><li>beim Ergo- und Fitnesstraining und in der Sporthalle<\/li><li>bei der Reparatur unserer Boote<\/li><li>bei der Pflege von Haus- und Grundst\u00fcck<\/li><li>im Bereich unserer Finanzen<\/li><li>im Bereich der Mitgliederdaten<\/li><li>im Bereich der Internetpr\u00e4senz und der Klubraum-App<\/li><li>beim Essen, Trinken und Feiern<\/li><li>bei der Information aller Mitglieder<\/li><\/ul><p>F\u00fcr dein Engagement und deine Unterst\u00fctzung danken wir DIR sehr herzlich! Ohne DICH w\u00fcrde im Verein nichts laufen. Gleichzeitig m\u00f6chten wir uns auch bei unseren bezahlten Helfern bedanken.<\/p><p>Der Verein l\u00e4dt alle Engagierten zu einem Brunch am Samstag, den 7. M\u00e4rz ab 11:00 Uhr in den Clubsaal ein.<\/p><p>Wir freuen uns auf DICH!<\/p><p>Herzliche Gr\u00fc\u00dfe<\/p><p>Wolfram und Elke<\/p>    <\/div>\n<\/div>\n<!-- \/module text -->        <\/div>\n                        <\/div>\n        <\/div>\n                        <div  data-lazy=\"1\" class=\"module_row themify_builder_row tb_xa19141 tf_w\">\n                        <div class=\"row_inner col_align_top tb_col_count_1 tf_box tf_rel\">\n                        <div  data-lazy=\"1\" class=\"module_column tb-column col-full tb_g8bi141 first\">\n                    <!-- module gallery -->\n<div  class=\"module gallery module-gallery tb_6syx155 layout-grid  \" data-lazy=\"1\">\n    <div class=\"module-gallery-grid\" style=\"--gald:4;--galt:4;--galm:4\">\n            <dl class=\"gallery-item\">\n            <dt class=\"gallery-icon\">\n            <a data-title=\"\" title=\"\" href=\"https:\/\/www.srcf.de\/entw\/wp-content\/uploads\/2026\/03\/Ehrenamt_2026_09.jpg\" data-rel=\"tb_6syx155\" class=\"themify_lightbox\"><img loading=\"lazy\" decoding=\"async\" src=\"https:\/\/www.srcf.de\/entw\/wp-content\/uploads\/2026\/03\/Ehrenamt_2026_09-300x200.jpg\" width=\"300\" height=\"200\" class=\"wp-post-image wp-image-10465\" title=\"Ehrenamtsfr\u00fchst\u00fcck 2026\" alt=\"Ehrenamtsfr\u00fchst\u00fcck 2026\" srcset=\"https:\/\/www.srcf.de\/entw\/wp-content\/uploads\/2026\/03\/Ehrenamt_2026_09-300x200.jpg 300w, https:\/\/www.srcf.de\/entw\/wp-content\/uploads\/2026\/03\/Ehrenamt_2026_09-768x512.jpg 768w, https:\/\/www.srcf.de\/entw\/wp-content\/uploads\/2026\/03\/Ehrenamt_2026_09.jpg 1024w\" sizes=\"auto, (max-width: 300px) 100vw, 300px\" \/><\/a>            <\/dt>\n                    <\/dl>\n            <dl class=\"gallery-item\">\n            <dt class=\"gallery-icon\">\n            <a data-title=\"\" title=\"\" href=\"https:\/\/www.srcf.de\/entw\/wp-content\/uploads\/2026\/03\/Ehrenamt_2026_08.jpg\" data-rel=\"tb_6syx155\" class=\"themify_lightbox\"><img loading=\"lazy\" decoding=\"async\" src=\"https:\/\/www.srcf.de\/entw\/wp-content\/uploads\/2026\/03\/Ehrenamt_2026_08-300x200.jpg\" width=\"300\" height=\"200\" class=\"wp-post-image wp-image-10464\" title=\"Ehrenamtsfr\u00fchst\u00fcck 2026\" alt=\"Ehrenamtsfr\u00fchst\u00fcck 2026\" srcset=\"https:\/\/www.srcf.de\/entw\/wp-content\/uploads\/2026\/03\/Ehrenamt_2026_08-300x200.jpg 300w, https:\/\/www.srcf.de\/entw\/wp-content\/uploads\/2026\/03\/Ehrenamt_2026_08-768x512.jpg 768w, https:\/\/www.srcf.de\/entw\/wp-content\/uploads\/2026\/03\/Ehrenamt_2026_08.jpg 1024w\" sizes=\"auto, (max-width: 300px) 100vw, 300px\" \/><\/a>            <\/dt>\n                    <\/dl>\n            <dl class=\"gallery-item\">\n            <dt class=\"gallery-icon\">\n            <a data-title=\"\" title=\"\" href=\"https:\/\/www.srcf.de\/entw\/wp-content\/uploads\/2026\/03\/Ehrenamt_2026_07.jpg\" data-rel=\"tb_6syx155\" class=\"themify_lightbox\"><img loading=\"lazy\" decoding=\"async\" src=\"https:\/\/www.srcf.de\/entw\/wp-content\/uploads\/2026\/03\/Ehrenamt_2026_07-300x200.jpg\" width=\"300\" height=\"200\" class=\"wp-post-image wp-image-10463\" title=\"Ehrenamtsfr\u00fchst\u00fcck 2026\" alt=\"Ehrenamtsfr\u00fchst\u00fcck 2026\" srcset=\"https:\/\/www.srcf.de\/entw\/wp-content\/uploads\/2026\/03\/Ehrenamt_2026_07-300x200.jpg 300w, https:\/\/www.srcf.de\/entw\/wp-content\/uploads\/2026\/03\/Ehrenamt_2026_07-768x512.jpg 768w, https:\/\/www.srcf.de\/entw\/wp-content\/uploads\/2026\/03\/Ehrenamt_2026_07.jpg 1024w\" sizes=\"auto, (max-width: 300px) 100vw, 300px\" \/><\/a>            <\/dt>\n                    <\/dl>\n            <dl class=\"gallery-item\">\n            <dt class=\"gallery-icon\">\n            <a data-title=\"\" title=\"\" href=\"https:\/\/www.srcf.de\/entw\/wp-content\/uploads\/2026\/03\/Ehrenamt_2026_06.jpg\" data-rel=\"tb_6syx155\" class=\"themify_lightbox\"><img loading=\"lazy\" decoding=\"async\" src=\"https:\/\/www.srcf.de\/entw\/wp-content\/uploads\/2026\/03\/Ehrenamt_2026_06-300x200.jpg\" width=\"300\" height=\"200\" class=\"wp-post-image wp-image-10462\" title=\"Ehrenamtsfr\u00fchst\u00fcck 2026\" alt=\"Ehrenamtsfr\u00fchst\u00fcck 2026\" srcset=\"https:\/\/www.srcf.de\/entw\/wp-content\/uploads\/2026\/03\/Ehrenamt_2026_06-300x200.jpg 300w, https:\/\/www.srcf.de\/entw\/wp-content\/uploads\/2026\/03\/Ehrenamt_2026_06-768x512.jpg 768w, https:\/\/www.srcf.de\/entw\/wp-content\/uploads\/2026\/03\/Ehrenamt_2026_06.jpg 1024w\" sizes=\"auto, (max-width: 300px) 100vw, 300px\" \/><\/a>            <\/dt>\n                    <\/dl>\n            <dl class=\"gallery-item\">\n            <dt class=\"gallery-icon\">\n            <a data-title=\"\" title=\"\" href=\"https:\/\/www.srcf.de\/entw\/wp-content\/uploads\/2026\/03\/Ehrenamt_2026_05.jpg\" data-rel=\"tb_6syx155\" class=\"themify_lightbox\"><img loading=\"lazy\" decoding=\"async\" src=\"https:\/\/www.srcf.de\/entw\/wp-content\/uploads\/2026\/03\/Ehrenamt_2026_05-300x200.jpg\" width=\"300\" height=\"200\" class=\"wp-post-image wp-image-10461\" title=\"Ehrenamtsfr\u00fchst\u00fcck 2026\" alt=\"Ehrenamtsfr\u00fchst\u00fcck 2026\" srcset=\"https:\/\/www.srcf.de\/entw\/wp-content\/uploads\/2026\/03\/Ehrenamt_2026_05-300x200.jpg 300w, https:\/\/www.srcf.de\/entw\/wp-content\/uploads\/2026\/03\/Ehrenamt_2026_05-768x512.jpg 768w, https:\/\/www.srcf.de\/entw\/wp-content\/uploads\/2026\/03\/Ehrenamt_2026_05.jpg 1024w\" sizes=\"auto, (max-width: 300px) 100vw, 300px\" \/><\/a>            <\/dt>\n                    <\/dl>\n            <dl class=\"gallery-item\">\n            <dt class=\"gallery-icon\">\n            <a data-title=\"\" title=\"\" href=\"https:\/\/www.srcf.de\/entw\/wp-content\/uploads\/2026\/03\/Ehrenamt_2026_04.jpg\" data-rel=\"tb_6syx155\" class=\"themify_lightbox\"><img loading=\"lazy\" decoding=\"async\" src=\"https:\/\/www.srcf.de\/entw\/wp-content\/uploads\/2026\/03\/Ehrenamt_2026_04-300x200.jpg\" width=\"300\" height=\"200\" class=\"wp-post-image wp-image-10460\" title=\"Ehrenamtsfr\u00fchst\u00fcck 2026\" alt=\"Ehrenamtsfr\u00fchst\u00fcck 2026\" srcset=\"https:\/\/www.srcf.de\/entw\/wp-content\/uploads\/2026\/03\/Ehrenamt_2026_04-300x200.jpg 300w, https:\/\/www.srcf.de\/entw\/wp-content\/uploads\/2026\/03\/Ehrenamt_2026_04-768x512.jpg 768w, https:\/\/www.srcf.de\/entw\/wp-content\/uploads\/2026\/03\/Ehrenamt_2026_04.jpg 1024w\" sizes=\"auto, (max-width: 300px) 100vw, 300px\" \/><\/a>            <\/dt>\n                    <\/dl>\n            <dl class=\"gallery-item\">\n            <dt class=\"gallery-icon\">\n            <a data-title=\"\" title=\"\" href=\"https:\/\/www.srcf.de\/entw\/wp-content\/uploads\/2026\/03\/Ehrenamt_2026_03.jpg\" data-rel=\"tb_6syx155\" class=\"themify_lightbox\"><img loading=\"lazy\" decoding=\"async\" src=\"https:\/\/www.srcf.de\/entw\/wp-content\/uploads\/2026\/03\/Ehrenamt_2026_03-300x200.jpg\" width=\"300\" height=\"200\" class=\"wp-post-image wp-image-10459\" title=\"Ehrenamtsfr\u00fchst\u00fcck 2026\" alt=\"Ehrenamtsfr\u00fchst\u00fcck 2026\" srcset=\"https:\/\/www.srcf.de\/entw\/wp-content\/uploads\/2026\/03\/Ehrenamt_2026_03-300x200.jpg 300w, https:\/\/www.srcf.de\/entw\/wp-content\/uploads\/2026\/03\/Ehrenamt_2026_03-768x512.jpg 768w, https:\/\/www.srcf.de\/entw\/wp-content\/uploads\/2026\/03\/Ehrenamt_2026_03.jpg 1024w\" sizes=\"auto, (max-width: 300px) 100vw, 300px\" \/><\/a>            <\/dt>\n                    <\/dl>\n            <dl class=\"gallery-item\">\n            <dt class=\"gallery-icon\">\n            <a data-title=\"\" title=\"\" href=\"https:\/\/www.srcf.de\/entw\/wp-content\/uploads\/2026\/03\/Ehrenamt_2026_02.jpg\" data-rel=\"tb_6syx155\" class=\"themify_lightbox\"><img loading=\"lazy\" decoding=\"async\" src=\"https:\/\/www.srcf.de\/entw\/wp-content\/uploads\/2026\/03\/Ehrenamt_2026_02-300x200.jpg\" width=\"300\" height=\"200\" class=\"wp-post-image wp-image-10458\" title=\"Ehrenamtsfr\u00fchst\u00fcck 2026\" alt=\"Ehrenamtsfr\u00fchst\u00fcck 2026\" srcset=\"https:\/\/www.srcf.de\/entw\/wp-content\/uploads\/2026\/03\/Ehrenamt_2026_02-300x200.jpg 300w, https:\/\/www.srcf.de\/entw\/wp-content\/uploads\/2026\/03\/Ehrenamt_2026_02-768x512.jpg 768w, https:\/\/www.srcf.de\/entw\/wp-content\/uploads\/2026\/03\/Ehrenamt_2026_02.jpg 1024w\" sizes=\"auto, (max-width: 300px) 100vw, 300px\" \/><\/a>            <\/dt>\n                    <\/dl>\n    <\/div>\n<\/div>\n<!-- \/module gallery -->        <\/div>\n                        <\/div>\n        <\/div>\n        <\/div>\n<!--\/themify_builder_content-->","protected":false},"excerpt":{"rendered":"<p>Liebe ehrenamtliche Helferin, lieber ehrenamtlicher Helfer,der Spandauer Ruder-Club \u201eFriesen\u201c m\u00f6chte sich wieder bei seinen ehrenamtlichen Helfern f\u00fcr ihr Engagement im vergangenen Jahr bedanken.Egal wo, was und wie lange \u2013 deine Arbeit ist wichtig, z.B.beim Rudern in der Aus- und Fortbildungbeim Ergo- und Fitnesstraining und in der Sporthallebei der Reparatur unserer Bootebei der Pflege von Haus- [&hellip;]<\/p>\n","protected":false},"author":12,"featured_media":10457,"comment_status":"closed","ping_status":"closed","sticky":false,"template":"","format":"standard","meta":{"footnotes":""},"categories":[2],"tags":[],"class_list":["post-10496","post","type-post","status-publish","format-standard","has-post-thumbnail","hentry","category-berichte","has-post-title","has-post-date","has-post-category","has-post-tag","has-post-comment","has-post-author",""],"builder_content":"<p>Liebe ehrenamtliche Helferin, lieber ehrenamtlicher Helfer,<\/p><p>der Spandauer Ruder-Club \u201eFriesen\u201c m\u00f6chte sich wieder bei seinen ehrenamtlichen Helfern f\u00fcr ihr Engagement im vergangenen Jahr bedanken.<\/p><p>Egal wo, was und wie lange \u2013 deine Arbeit ist wichtig, z.B.<\/p><ul><li>beim Rudern in der Aus- und Fortbildung<\/li><li>beim Ergo- und Fitnesstraining und in der Sporthalle<\/li><li>bei der Reparatur unserer Boote<\/li><li>bei der Pflege von Haus- und Grundst\u00fcck<\/li><li>im Bereich unserer Finanzen<\/li><li>im Bereich der Mitgliederdaten<\/li><li>im Bereich der Internetpr\u00e4senz und der Klubraum-App<\/li><li>beim Essen, Trinken und Feiern<\/li><li>bei der Information aller Mitglieder<\/li><\/ul><p>F\u00fcr dein Engagement und deine Unterst\u00fctzung danken wir DIR sehr herzlich! Ohne DICH w\u00fcrde im Verein nichts laufen. Gleichzeitig m\u00f6chten wir uns auch bei unseren bezahlten Helfern bedanken.<\/p><p>Der Verein l\u00e4dt alle Engagierten zu einem Brunch am Samstag, den 7. M\u00e4rz ab 11:00 Uhr in den Clubsaal ein.<\/p><p>Wir freuen uns auf DICH!<\/p><p>Herzliche Gr\u00fc\u00dfe<\/p><p>Wolfram und Elke<\/p>\n[gallery ids=\"10465,10464,10463,10462,10461,10460,10459,10458\"]","_links":{"self":[{"href":"https:\/\/www.srcf.de\/entw\/index.php\/wp-json\/wp\/v2\/posts\/10496","targetHints":{"allow":["GET"]}}],"collection":[{"href":"https:\/\/www.srcf.de\/entw\/index.php\/wp-json\/wp\/v2\/posts"}],"about":[{"href":"https:\/\/www.srcf.de\/entw\/index.php\/wp-json\/wp\/v2\/types\/post"}],"author":[{"embeddable":true,"href":"https:\/\/www.srcf.de\/entw\/index.php\/wp-json\/wp\/v2\/users\/12"}],"replies":[{"embeddable":true,"href":"https:\/\/www.srcf.de\/entw\/index.php\/wp-json\/wp\/v2\/comments?post=10496"}],"version-history":[{"count":8,"href":"https:\/\/www.srcf.de\/entw\/index.php\/wp-json\/wp\/v2\/posts\/10496\/revisions"}],"predecessor-version":[{"id":10519,"href":"https:\/\/www.srcf.de\/entw\/index.php\/wp-json\/wp\/v2\/posts\/10496\/revisions\/10519"}],"wp:featuredmedia":[{"embeddable":true,"href":"https:\/\/www.srcf.de\/entw\/index.php\/wp-json\/wp\/v2\/media\/10457"}],"wp:attachment":[{"href":"https:\/\/www.srcf.de\/entw\/index.php\/wp-json\/wp\/v2\/media?parent=10496"}],"wp:term":[{"taxonomy":"category","embeddable":true,"href":"https:\/\/www.srcf.de\/entw\/index.php\/wp-json\/wp\/v2\/categories?post=10496"},{"taxonomy":"post_tag","embeddable":true,"href":"https:\/\/www.srcf.de\/entw\/index.php\/wp-json\/wp\/v2\/tags?post=10496"}],"curies":[{"name":"wp","href":"https:\/\/api.w.org\/{rel}","templated":true}]}}